{"id":1306,"date":"2023-02-13T08:00:35","date_gmt":"2023-02-13T07:00:35","guid":{"rendered":"https:\/\/video-marketing-by.schwarzer.de\/blog\/?p=1306"},"modified":"2023-02-15T13:49:07","modified_gmt":"2023-02-15T12:49:07","slug":"video-pr-5-gruende-warum-pressemitteilungen-besser-in-einer-news-sendung-auf-youtube-landen-sollten","status":"publish","type":"post","link":"https:\/\/video-marketing-by.schwarzer.de\/blog\/video-pr-5-gruende-warum-pressemitteilungen-besser-in-einer-news-sendung-auf-youtube-landen-sollten\/","title":{"rendered":"Video-PR: 5 Gr\u00fcnde, warum Pressemitteilungen besser in einer News-Sendung auf YouTube landen sollten"},"content":{"rendered":"<p><!-- <ezTOC> --><strong>Video-PR<\/strong> ist im Trend und mittlerweile fester Bestandteil im Online Marketing. Sie haben sicher auch schon dar\u00fcber nachgedacht und den Gedanken dann wieder verworfen, da er Ihnen zu aufwendig und kostenintensiv erschien. Damit verschenken Sie allerdings <strong>gro\u00dfes Potenzial<\/strong>. Studien belegen, dass Video das mit Abstand wirksamste Medium f\u00fcr Ihre Botschaft ist, unabh\u00e4ngig ob Sie Ihr Unternehmen vorstellen, News teilen oder z.B. Ihr Produkt erkl\u00e4ren m\u00f6chten. Wir nennen Ihnen f\u00fcnf Gr\u00fcnde, die f\u00fcr ein Video statt Text sprechen.<br \/>\n<!--more--><\/p>\n<h2>Beispiel f\u00fcr den Einsatz von Video-PR<\/h2>\n<p>Im Folgenden sehen Sie ein praktisches Beispiel f\u00fcr den Einsatz von Video-PR auf dem Channel Industry Press:<\/p>\n<p><iframe width=\"560\" height=\"315\" src=\"https:\/\/www.youtube-nocookie.com\/embed\/fyB4GQxq8go\" title=\"YouTube video player\" frameborder=\"0\" allow=\"accelerometer; autoplay; clipboard-write; encrypted-media; gyroscope; picture-in-picture; web-share\" allowfullscreen><\/iframe><\/p>\n<h2>Warum Video-PR zu Ihrem Erfolg beitr\u00e4gt<\/h2>\n<p>Videoproduktionen generieren mehr <strong>Aufmerksamkeit <\/strong>und vermitteln <strong>Inhalte in Sekundenschnelle<\/strong>. Dies adressiert die Bed\u00fcrfnisse der Nutzer. Diese m\u00f6chten maximalen Input mit minimalem Aufwand konsumieren. Der Wunsch: <strong>Unterhaltsam, m\u00f6glichst kurz sowie \u00fcberall abrufbar<\/strong>. PR-News in Form eines Videos sind aktuell sehr beliebt. Diese f\u00fcnf Gr\u00fcnde sprechen f\u00fcr Video-PR:<\/p>\n<ol>\n<li><strong>Vermittlung von Emotionen<\/strong><\/li>\n<\/ol>\n<p>Wo es um Emotionen geht, st\u00f6\u00dft ein Text an seine Grenzen. Gerade bei Ironie kann es beim geschriebenen Wort zu Missverst\u00e4ndnissen kommen. Und auch wenn alles perfekt umschrieben und der richtige Ton getroffen wird: <strong>Mimik, Gestik, Stimme sowie Musik<\/strong> erreichen einen Menschen wie kein anderes Medium und sind nicht zu ersetzen. Bei einem Video transportieren Sie dies alles mit und schm\u00e4lern so den Interpretationsraum. Die Fantasie des Nutzers tritt in den Hintergrund, was Ihnen die <strong>M\u00f6glichkeit der Steuerung<\/strong> gibt. Das hei\u00dft: Sie k\u00f6nnen Ihre Botschaft exakter vermitteln und Ihre Zielgruppe konkreter ansprechen.<\/p>\n<ol start=\"2\">\n<li><strong>Bleiben l\u00e4nger im Ged\u00e4chtnis<\/strong><\/li>\n<\/ol>\n<p>Bewegtbild ist bei der Informationsvermittlung nicht zu toppen. Audiovisuelle Reize wirken stark auf Menschen und so vermittelte Inhalte bleiben l\u00e4nger im Ged\u00e4chtnis. Laut einer <a href=\"https:\/\/www.ard-zdf-onlinestudie.de\/\">Onlinestudie von ARD\/ZDF<\/a> merken sich Betrachter <strong>95 Prozent der Inhalte eines Videos<\/strong>. Von einem Text bleiben im Vergleich nach 72 Stunden nur 10 Prozent im Ged\u00e4chtnis. Wenn Sie wollen, dass man sich an Ihre Inhalte erinnert, sollten Sie unbedingt auf Videos setzen.<\/p>\n<ol start=\"3\">\n<li><strong>Erregen Aufmerksamkeit<\/strong><\/li>\n<\/ol>\n<p><a href=\"https:\/\/www.wyzowl.com\/video-marketing-statistics\/\">Nach einer Studie von Wyzowl<\/a> w\u00fcrden sich 72 Prozent der Nutzer f\u00fcr das Video entscheiden, wenn sie die Wahl zwischen Video und Text h\u00e4tten. Verwunderlich ist das nicht. Ein Video ist dem Menschen leichter zug\u00e4nglich als reiner Text und wird <strong>60.000 Mal schneller<\/strong> im Gehirn verarbeitet. Die Reiz\u00fcberflutung der heutigen Zeit sorgt zudem f\u00fcr kurze Aufmerksamkeitsspannen was das Konsumieren eines Videos zus\u00e4tzlich leichter macht. Der durchschnittliche Nutzer verbringt <strong>eineinhalb Stunden pro Tag mit Videocontent<\/strong>!<\/p>\n<ol start=\"4\">\n<li><strong>Erzielen mehr Reichweite<\/strong><\/li>\n<\/ol>\n<p>Social Media Plattformen wie auch Suchmaschinen bewerten Videos <strong>in Rankings h\u00f6her<\/strong> als Bilder oder Texte, was zu <strong>mehr Reichweite<\/strong> f\u00fchrt. Wenn Sie also eine gr\u00f6\u00dfere Zielgruppe erreichen wollen, sind Videos die L\u00f6sung. User sind auch viel eher bereit, ein ansprechendes Video mit Freunden zu teilen. Wenn es gut gemacht ist, kann ein Video sogar <strong>viral gehen<\/strong> und enorm viele Menschen erreichen. Textposts erreichen nur sehr selten eine solche Reichweite.<\/p>\n<ol start=\"5\">\n<li><strong>Sind die effizientere Investition<\/strong><\/li>\n<\/ol>\n<p>Videos werden <strong>schneller<\/strong> in der Suche gefunden und erzielen kontinuierlich <strong>\u00fcber das ganze Jahr<\/strong> Reichweite. Im Gegensatz dazu ist eine schlichte Text-Pressemitteilung nur f\u00fcr wenige Tage im Fokus des Lesers. Zudem sorgt das emotionale Storytelling \u2013 welches ein Video bietet \u2013 f\u00fcr die Aussch\u00fcttung von Gl\u00fcckshormonen. Das <strong>beeinflusst indirekt das Kaufverhalten<\/strong>. Nach dem Konsum eines Videos neigen Menschen oft direkt zum Kauf eines Produktes.<\/p>\n<h2>Fazit<\/h2>\n<p>Es ist l\u00e4ngst nicht mehr nur die internetaffine Generation der Digital Natives, die online <strong>\u00fcber ein Video besser zu erreichen<\/strong> ist. Zeit ist eines der h\u00f6chsten G\u00fcter der heutigen Zeit, und der Konsument entscheidet sich im Zweifel f\u00fcr den einfacheren Weg, der ihm angenehmer erscheint. Wieso also gro\u00dfe Teile der Zielgruppe verlieren, wenn mit einem Video <strong>nachgewiesen deutlich mehr Reichweite<\/strong> generiert wird. Das Video kann zum einen in die Homepage eingebunden werden und zum anderen in Artikel und <a href=\"https:\/\/content-marketing-by.schwarzer.de\/blog\/advertorial\/\">Advertorials<\/a> beim Content-Seeding, d.h. dem gezielten Platzieren und Verbreiten von Inhalten im Internet. Zudem kann das Video direkt auf wichtigen Social Media Plattformen wie LinkedIn geteilt und beworben werden. Kein langes Einlesen und Konzentrieren, sondern der Inhalt kommt als <strong>leicht konsumierbarer Snack<\/strong> daher. Ihnen fehlen Zeit und Know-How zur Videoproduktion im bestehenden Team? Suchen Sie sich besser einen professionellen, erfahrenen Partner, der Sie bei der Umsetzung Ihrer Video-PR unterst\u00fctzt. Denn Sie erreichen Ihre Zielgruppe selbst im Videoformat nur dann optimal, wenn Sie <strong>gute Inhalte <\/strong>produzieren.<!-- <\/ezTOC> --><\/p>\n","protected":false},"excerpt":{"rendered":"<p>Video-PR ist im Trend und mittlerweile fester Bestandteil im Online Marketing. Sie haben sicher auch schon dar\u00fcber nachgedacht und den [&hellip;]<\/p>\n","protected":false},"author":3,"featured_media":1308,"comment_status":"open","ping_status":"open","sticky":false,"template":"","format":"standard","meta":[],"categories":[1],"tags":[],"features_image":"https:\/\/video-marketing-by.schwarzer.de\/blog\/wp-content\/uploads\/2023\/01\/video-pr.jpg","rk_cat":null,"rk_date":"13.02.2023","yoast_head":"<!-- This site is optimized with the Yoast SEO plugin v18.1 - https:\/\/yoast.com\/wordpress\/plugins\/seo\/ -->\n<title>Video-PR: 5 Gr\u00fcnde, warum Pressemitteilungen besser in einer News-Sendung auf YouTube landen sollten - video-marketing-by.schwarzer.de<\/title>\n<meta name=\"description\" content=\"Mit Video-PR k\u00f6nnen Sie Ihre Zielgruppe schnell und effektiv erreichen. Lesen Sie hier wie Sie davon profitieren k\u00f6nnen!\u2713\" \/>\n<meta name=\"robots\" content=\"index, follow, max-snippet:-1, max-image-preview:large, max-video-preview:-1\" \/>\n<link rel=\"canonical\" href=\"https:\/\/video-marketing-by.schwarzer.de\/blog\/video-pr-5-gruende-warum-pressemitteilungen-besser-in-einer-news-sendung-auf-youtube-landen-sollten\/\" \/>\n<meta property=\"og:locale\" content=\"de_DE\" \/>\n<meta property=\"og:type\" content=\"article\" \/>\n<meta property=\"og:title\" content=\"Video-PR: 5 Gr\u00fcnde, warum Pressemitteilungen besser in einer News-Sendung auf YouTube landen sollten - video-marketing-by.schwarzer.de\" \/>\n<meta property=\"og:description\" content=\"Mit Video-PR k\u00f6nnen Sie Ihre Zielgruppe schnell und effektiv erreichen. Lesen Sie hier wie Sie davon profitieren k\u00f6nnen!\u2713\" \/>\n<meta property=\"og:url\" content=\"https:\/\/video-marketing-by.schwarzer.de\/blog\/video-pr-5-gruende-warum-pressemitteilungen-besser-in-einer-news-sendung-auf-youtube-landen-sollten\/\" \/>\n<meta property=\"og:site_name\" content=\"video-marketing-by.schwarzer.de\" \/>\n<meta property=\"article:published_time\" content=\"2023-02-13T07:00:35+00:00\" \/>\n<meta property=\"article:modified_time\" content=\"2023-02-15T12:49:07+00:00\" \/>\n<meta property=\"og:image\" content=\"https:\/\/video-marketing-by.schwarzer.de\/blog\/wp-content\/uploads\/2023\/01\/video-pr.jpg\" \/>\n\t<meta property=\"og:image:width\" content=\"700\" \/>\n\t<meta property=\"og:image:height\" content=\"335\" \/>\n\t<meta property=\"og:image:type\" content=\"image\/jpeg\" \/>\n<meta name=\"twitter:card\" content=\"summary_large_image\" \/>\n<meta name=\"twitter:label1\" content=\"Verfasst von\" \/>\n\t<meta name=\"twitter:data1\" content=\"Myrjam Dobesch\" \/>\n\t<meta name=\"twitter:label2\" content=\"Gesch\u00e4tzte Lesezeit\" \/>\n\t<meta name=\"twitter:data2\" content=\"4 Minuten\" \/>\n<script type=\"application\/ld+json\" class=\"yoast-schema-graph\">{\"@context\":\"https:\/\/schema.org\",\"@graph\":[{\"@type\":\"WebSite\",\"@id\":\"https:\/\/video-marketing-by.schwarzer.de\/blog\/#website\",\"url\":\"https:\/\/video-marketing-by.schwarzer.de\/blog\/\",\"name\":\"video-marketing-by.schwarzer.de\",\"description\":\"\",\"potentialAction\":[{\"@type\":\"SearchAction\",\"target\":{\"@type\":\"EntryPoint\",\"urlTemplate\":\"https:\/\/video-marketing-by.schwarzer.de\/blog\/?s={search_term_string}\"},\"query-input\":\"required name=search_term_string\"}],\"inLanguage\":\"de-DE\"},{\"@type\":\"ImageObject\",\"@id\":\"https:\/\/video-marketing-by.schwarzer.de\/blog\/video-pr-5-gruende-warum-pressemitteilungen-besser-in-einer-news-sendung-auf-youtube-landen-sollten\/#primaryimage\",\"inLanguage\":\"de-DE\",\"url\":\"https:\/\/video-marketing-by.schwarzer.de\/blog\/wp-content\/uploads\/2023\/01\/video-pr.jpg\",\"contentUrl\":\"https:\/\/video-marketing-by.schwarzer.de\/blog\/wp-content\/uploads\/2023\/01\/video-pr.jpg\",\"width\":700,\"height\":335,\"caption\":\"Video-PR: 5 Gr\u00fcnde, warum Pressemitteilungen besser in einer News-Sendung auf YouTube landen sollten (Foto: AdobeStock - metamorworks)\"},{\"@type\":\"WebPage\",\"@id\":\"https:\/\/video-marketing-by.schwarzer.de\/blog\/video-pr-5-gruende-warum-pressemitteilungen-besser-in-einer-news-sendung-auf-youtube-landen-sollten\/#webpage\",\"url\":\"https:\/\/video-marketing-by.schwarzer.de\/blog\/video-pr-5-gruende-warum-pressemitteilungen-besser-in-einer-news-sendung-auf-youtube-landen-sollten\/\",\"name\":\"Video-PR: 5 Gr\u00fcnde, warum Pressemitteilungen besser in einer News-Sendung auf YouTube landen sollten - video-marketing-by.schwarzer.de\",\"isPartOf\":{\"@id\":\"https:\/\/video-marketing-by.schwarzer.de\/blog\/#website\"},\"primaryImageOfPage\":{\"@id\":\"https:\/\/video-marketing-by.schwarzer.de\/blog\/video-pr-5-gruende-warum-pressemitteilungen-besser-in-einer-news-sendung-auf-youtube-landen-sollten\/#primaryimage\"},\"datePublished\":\"2023-02-13T07:00:35+00:00\",\"dateModified\":\"2023-02-15T12:49:07+00:00\",\"author\":{\"@id\":\"https:\/\/video-marketing-by.schwarzer.de\/blog\/#\/schema\/person\/9577b14dc2393b7927c2381516c9e4ac\"},\"description\":\"Mit Video-PR k\u00f6nnen Sie Ihre Zielgruppe schnell und effektiv erreichen. Lesen Sie hier wie Sie davon profitieren k\u00f6nnen!\u2713\",\"breadcrumb\":{\"@id\":\"https:\/\/video-marketing-by.schwarzer.de\/blog\/video-pr-5-gruende-warum-pressemitteilungen-besser-in-einer-news-sendung-auf-youtube-landen-sollten\/#breadcrumb\"},\"inLanguage\":\"de-DE\",\"potentialAction\":[{\"@type\":\"ReadAction\",\"target\":[\"https:\/\/video-marketing-by.schwarzer.de\/blog\/video-pr-5-gruende-warum-pressemitteilungen-besser-in-einer-news-sendung-auf-youtube-landen-sollten\/\"]}]},{\"@type\":\"BreadcrumbList\",\"@id\":\"https:\/\/video-marketing-by.schwarzer.de\/blog\/video-pr-5-gruende-warum-pressemitteilungen-besser-in-einer-news-sendung-auf-youtube-landen-sollten\/#breadcrumb\",\"itemListElement\":[{\"@type\":\"ListItem\",\"position\":1,\"name\":\"Startseite\",\"item\":\"https:\/\/video-marketing-by.schwarzer.de\/blog\/\"},{\"@type\":\"ListItem\",\"position\":2,\"name\":\"Video-PR: 5 Gr\u00fcnde, warum Pressemitteilungen besser in einer News-Sendung auf YouTube landen sollten\"}]},{\"@type\":\"Person\",\"@id\":\"https:\/\/video-marketing-by.schwarzer.de\/blog\/#\/schema\/person\/9577b14dc2393b7927c2381516c9e4ac\",\"name\":\"Myrjam Dobesch\",\"image\":{\"@type\":\"ImageObject\",\"@id\":\"https:\/\/video-marketing-by.schwarzer.de\/blog\/#personlogo\",\"inLanguage\":\"de-DE\",\"url\":\"https:\/\/secure.gravatar.com\/avatar\/36af5bd7dfd8d407cf77694908f9b0cd?s=96&d=mm&r=g\",\"contentUrl\":\"https:\/\/secure.gravatar.com\/avatar\/36af5bd7dfd8d407cf77694908f9b0cd?s=96&d=mm&r=g\",\"caption\":\"Myrjam Dobesch\"},\"url\":\"#\"}]}<\/script>\n<!-- \/ Yoast SEO plugin. -->","yoast_head_json":{"title":"Video-PR: 5 Gr\u00fcnde, warum Pressemitteilungen besser in einer News-Sendung auf YouTube landen sollten - video-marketing-by.schwarzer.de","description":"Mit Video-PR k\u00f6nnen Sie Ihre Zielgruppe schnell und effektiv erreichen. Lesen Sie hier wie Sie davon profitieren k\u00f6nnen!\u2713","robots":{"index":"index","follow":"follow","max-snippet":"max-snippet:-1","max-image-preview":"max-image-preview:large","max-video-preview":"max-video-preview:-1"},"canonical":"https:\/\/video-marketing-by.schwarzer.de\/blog\/video-pr-5-gruende-warum-pressemitteilungen-besser-in-einer-news-sendung-auf-youtube-landen-sollten\/","og_locale":"de_DE","og_type":"article","og_title":"Video-PR: 5 Gr\u00fcnde, warum Pressemitteilungen besser in einer News-Sendung auf YouTube landen sollten - video-marketing-by.schwarzer.de","og_description":"Mit Video-PR k\u00f6nnen Sie Ihre Zielgruppe schnell und effektiv erreichen. Lesen Sie hier wie Sie davon profitieren k\u00f6nnen!\u2713","og_url":"https:\/\/video-marketing-by.schwarzer.de\/blog\/video-pr-5-gruende-warum-pressemitteilungen-besser-in-einer-news-sendung-auf-youtube-landen-sollten\/","og_site_name":"video-marketing-by.schwarzer.de","article_published_time":"2023-02-13T07:00:35+00:00","article_modified_time":"2023-02-15T12:49:07+00:00","og_image":[{"width":700,"height":335,"url":"https:\/\/video-marketing-by.schwarzer.de\/blog\/wp-content\/uploads\/2023\/01\/video-pr.jpg","type":"image\/jpeg"}],"twitter_card":"summary_large_image","twitter_misc":{"Verfasst von":"Myrjam Dobesch","Gesch\u00e4tzte Lesezeit":"4 Minuten"},"schema":{"@context":"https:\/\/schema.org","@graph":[{"@type":"WebSite","@id":"https:\/\/video-marketing-by.schwarzer.de\/blog\/#website","url":"https:\/\/video-marketing-by.schwarzer.de\/blog\/","name":"video-marketing-by.schwarzer.de","description":"","potentialAction":[{"@type":"SearchAction","target":{"@type":"EntryPoint","urlTemplate":"https:\/\/video-marketing-by.schwarzer.de\/blog\/?s={search_term_string}"},"query-input":"required name=search_term_string"}],"inLanguage":"de-DE"},{"@type":"ImageObject","@id":"https:\/\/video-marketing-by.schwarzer.de\/blog\/video-pr-5-gruende-warum-pressemitteilungen-besser-in-einer-news-sendung-auf-youtube-landen-sollten\/#primaryimage","inLanguage":"de-DE","url":"https:\/\/video-marketing-by.schwarzer.de\/blog\/wp-content\/uploads\/2023\/01\/video-pr.jpg","contentUrl":"https:\/\/video-marketing-by.schwarzer.de\/blog\/wp-content\/uploads\/2023\/01\/video-pr.jpg","width":700,"height":335,"caption":"Video-PR: 5 Gr\u00fcnde, warum Pressemitteilungen besser in einer News-Sendung auf YouTube landen sollten (Foto: AdobeStock - metamorworks)"},{"@type":"WebPage","@id":"https:\/\/video-marketing-by.schwarzer.de\/blog\/video-pr-5-gruende-warum-pressemitteilungen-besser-in-einer-news-sendung-auf-youtube-landen-sollten\/#webpage","url":"https:\/\/video-marketing-by.schwarzer.de\/blog\/video-pr-5-gruende-warum-pressemitteilungen-besser-in-einer-news-sendung-auf-youtube-landen-sollten\/","name":"Video-PR: 5 Gr\u00fcnde, warum Pressemitteilungen besser in einer News-Sendung auf YouTube landen sollten - video-marketing-by.schwarzer.de","isPartOf":{"@id":"https:\/\/video-marketing-by.schwarzer.de\/blog\/#website"},"primaryImageOfPage":{"@id":"https:\/\/video-marketing-by.schwarzer.de\/blog\/video-pr-5-gruende-warum-pressemitteilungen-besser-in-einer-news-sendung-auf-youtube-landen-sollten\/#primaryimage"},"datePublished":"2023-02-13T07:00:35+00:00","dateModified":"2023-02-15T12:49:07+00:00","author":{"@id":"https:\/\/video-marketing-by.schwarzer.de\/blog\/#\/schema\/person\/9577b14dc2393b7927c2381516c9e4ac"},"description":"Mit Video-PR k\u00f6nnen Sie Ihre Zielgruppe schnell und effektiv erreichen. Lesen Sie hier wie Sie davon profitieren k\u00f6nnen!\u2713","breadcrumb":{"@id":"https:\/\/video-marketing-by.schwarzer.de\/blog\/video-pr-5-gruende-warum-pressemitteilungen-besser-in-einer-news-sendung-auf-youtube-landen-sollten\/#breadcrumb"},"inLanguage":"de-DE","potentialAction":[{"@type":"ReadAction","target":["https:\/\/video-marketing-by.schwarzer.de\/blog\/video-pr-5-gruende-warum-pressemitteilungen-besser-in-einer-news-sendung-auf-youtube-landen-sollten\/"]}]},{"@type":"BreadcrumbList","@id":"https:\/\/video-marketing-by.schwarzer.de\/blog\/video-pr-5-gruende-warum-pressemitteilungen-besser-in-einer-news-sendung-auf-youtube-landen-sollten\/#breadcrumb","itemListElement":[{"@type":"ListItem","position":1,"name":"Startseite","item":"https:\/\/video-marketing-by.schwarzer.de\/blog\/"},{"@type":"ListItem","position":2,"name":"Video-PR: 5 Gr\u00fcnde, warum Pressemitteilungen besser in einer News-Sendung auf YouTube landen sollten"}]},{"@type":"Person","@id":"https:\/\/video-marketing-by.schwarzer.de\/blog\/#\/schema\/person\/9577b14dc2393b7927c2381516c9e4ac","name":"Myrjam Dobesch","image":{"@type":"ImageObject","@id":"https:\/\/video-marketing-by.schwarzer.de\/blog\/#personlogo","inLanguage":"de-DE","url":"https:\/\/secure.gravatar.com\/avatar\/36af5bd7dfd8d407cf77694908f9b0cd?s=96&d=mm&r=g","contentUrl":"https:\/\/secure.gravatar.com\/avatar\/36af5bd7dfd8d407cf77694908f9b0cd?s=96&d=mm&r=g","caption":"Myrjam Dobesch"},"url":"#"}]}},"_links":{"self":[{"href":"https:\/\/video-marketing-by.schwarzer.de\/blog\/wp-json\/wp\/v2\/posts\/1306"}],"collection":[{"href":"https:\/\/video-marketing-by.schwarzer.de\/blog\/wp-json\/wp\/v2\/posts"}],"about":[{"href":"https:\/\/video-marketing-by.schwarzer.de\/blog\/wp-json\/wp\/v2\/types\/post"}],"author":[{"embeddable":true,"href":"https:\/\/video-marketing-by.schwarzer.de\/blog\/wp-json\/wp\/v2\/users\/3"}],"replies":[{"embeddable":true,"href":"https:\/\/video-marketing-by.schwarzer.de\/blog\/wp-json\/wp\/v2\/comments?post=1306"}],"version-history":[{"count":6,"href":"https:\/\/video-marketing-by.schwarzer.de\/blog\/wp-json\/wp\/v2\/posts\/1306\/revisions"}],"predecessor-version":[{"id":1313,"href":"https:\/\/video-marketing-by.schwarzer.de\/blog\/wp-json\/wp\/v2\/posts\/1306\/revisions\/1313"}],"wp:featuredmedia":[{"embeddable":true,"href":"https:\/\/video-marketing-by.schwarzer.de\/blog\/wp-json\/wp\/v2\/media\/1308"}],"wp:attachment":[{"href":"https:\/\/video-marketing-by.schwarzer.de\/blog\/wp-json\/wp\/v2\/media?parent=1306"}],"wp:term":[{"taxonomy":"category","embeddable":true,"href":"https:\/\/video-marketing-by.schwarzer.de\/blog\/wp-json\/wp\/v2\/categories?post=1306"},{"taxonomy":"post_tag","embeddable":true,"href":"https:\/\/video-marketing-by.schwarzer.de\/blog\/wp-json\/wp\/v2\/tags?post=1306"}],"curies":[{"name":"wp","href":"https:\/\/api.w.org\/{rel}","templated":true}]}}