{"id":1439,"date":"2024-05-03T08:00:27","date_gmt":"2024-05-03T06:00:27","guid":{"rendered":"https:\/\/video-marketing-by.schwarzer.de\/blog\/?p=1439"},"modified":"2024-05-03T10:25:44","modified_gmt":"2024-05-03T08:25:44","slug":"alsi-sued-feiert-die-eltern-in-seiner-juengsten-kampagne-liebe-geht-durch-den-magen-und-noch-viel-weiter","status":"publish","type":"post","link":"https:\/\/video-marketing-by.schwarzer.de\/blog\/alsi-sued-feiert-die-eltern-in-seiner-juengsten-kampagne-liebe-geht-durch-den-magen-und-noch-viel-weiter\/","title":{"rendered":"ALDI S\u00dcD feiert die Eltern in seiner j\u00fcngsten Kampagne &#8220;Liebe geht durch den Magen und noch viel weiter&#8230;&#8221;"},"content":{"rendered":"<p><!-- <ezTOC> -->Die neue Social Media-Kampagne von Aldi S\u00fcd zum anstehenden Mutter- und Vatertag ist ausgesprochen gelungen. Diese Kampagne ist nicht nur humorvoll, sondern auch \u00e4u\u00dferst realit\u00e4tsnah, da sie sich auf ein Thema konzentriert, das vielen Eltern nur allzu bekannt ist: die Essgewohnheiten, die von den Resten ihrer Kinder bestimmt werden.<\/p>\n<p>Die Verwendung des Mottos &#8220;Liebe geht durch den Magen und noch viel weiter&#8221; ist treffend gew\u00e4hlt und spricht direkt die Emotionen an, die mit dem Thema verbunden sind. Der Spot, entwickelt von antoni_99, zeigt auf charmante Weise die chaotischen und spontanen Mahlzeiten von Eltern und ihren Kindern, begleitet von einem passenden Soundtrack. Diese Szenen sind nicht nur niedlich und witzig, sondern auch \u00e4u\u00dferst authentisch, und jeder, der Kinder gro\u00dfgezogen hat, wird sich darin wiedererkennen.<\/p>\n<p>Besonders lobenswert ist auch die Entscheidung von Aldi S\u00fcd, die &#8220;heimlichen Held:innen&#8221; hinter diesem &#8220;Food-Trend&#8221; zu w\u00fcrdigen und in den Mittelpunkt zu stellen. Diese Anerkennung der Elternrolle als zentrales Element im Familienleben ist eine starke Botschaft, die die Zielgruppe sicherlich anspricht und ein Gef\u00fchl der Wertsch\u00e4tzung vermittelt.<\/p>\n<p>Die Kampagne wird zudem durch die Zusammenarbeit mit verschiedenen Mama- und Papa-Influencern sowie die gezielte Platzierung in digitalen Medien und den Social-Media-Kan\u00e4len von Aldi S\u00fcd unterst\u00fctzt. Dies zeigt eine strategische Herangehensweise an das Marketing, die darauf abzielt, die Botschaft effektiv zu verbreiten und die Reichweite zu maximieren.<\/p>\n<p>Insgesamt ist die Kampagne von Aldi S\u00fcd eine gelungene Mischung aus Humor, Authentizit\u00e4t und Wertsch\u00e4tzung f\u00fcr die Zielgruppe der Eltern. Durch die kluge Umsetzung und die gezielte Platzierung in digitalen Medien wird sie sicherlich dazu beitragen, die Marke positiv zu positionieren und die Bindung zu den Kunden zu st\u00e4rken.<\/p>\n<p><iframe width=\"560\" height=\"315\" src=\"https:\/\/www.youtube-nocookie.com\/embed\/2l1j07T6P1U?si=kRNdD8T3K2-vkSRp\" title=\"YouTube video player\" frameborder=\"0\" allow=\"accelerometer; autoplay; clipboard-write; encrypted-media; gyroscope; picture-in-picture; web-share\" referrerpolicy=\"strict-origin-when-cross-origin\" allowfullscreen><\/iframe><!-- <\/ezTOC> --><\/p>\n","protected":false},"excerpt":{"rendered":"<p>Die neue Social Media-Kampagne von Aldi S\u00fcd zum anstehenden Mutter- und Vatertag ist ausgesprochen gelungen. Diese Kampagne ist nicht nur [&hellip;]<\/p>\n","protected":false},"author":2,"featured_media":1438,"comment_status":"open","ping_status":"open","sticky":false,"template":"","format":"standard","meta":[],"categories":[1],"tags":[],"features_image":"https:\/\/video-marketing-by.schwarzer.de\/blog\/wp-content\/uploads\/2024\/05\/liebe-geht-durch-den-magen.jpg","rk_cat":null,"rk_date":"03.05.2024","yoast_head":"<!-- This site is optimized with the Yoast SEO plugin v18.1 - https:\/\/yoast.com\/wordpress\/plugins\/seo\/ -->\n<title>ALDI S\u00dcD feiert die Eltern in seiner j\u00fcngsten Kampagne &quot;Liebe geht durch den Magen und noch viel weiter...&quot; - video-marketing-by.schwarzer.de<\/title>\n<meta name=\"robots\" content=\"index, follow, max-snippet:-1, max-image-preview:large, max-video-preview:-1\" \/>\n<link rel=\"canonical\" href=\"https:\/\/video-marketing-by.schwarzer.de\/blog\/alsi-sued-feiert-die-eltern-in-seiner-juengsten-kampagne-liebe-geht-durch-den-magen-und-noch-viel-weiter\/\" \/>\n<meta property=\"og:locale\" content=\"de_DE\" \/>\n<meta property=\"og:type\" content=\"article\" \/>\n<meta property=\"og:title\" content=\"ALDI S\u00dcD feiert die Eltern in seiner j\u00fcngsten Kampagne &quot;Liebe geht durch den Magen und noch viel weiter...&quot; - video-marketing-by.schwarzer.de\" \/>\n<meta property=\"og:description\" content=\"Die neue Social Media-Kampagne von Aldi S\u00fcd zum anstehenden Mutter- und Vatertag ist ausgesprochen gelungen. Diese Kampagne ist nicht nur [&hellip;]\" \/>\n<meta property=\"og:url\" content=\"https:\/\/video-marketing-by.schwarzer.de\/blog\/alsi-sued-feiert-die-eltern-in-seiner-juengsten-kampagne-liebe-geht-durch-den-magen-und-noch-viel-weiter\/\" \/>\n<meta property=\"og:site_name\" content=\"video-marketing-by.schwarzer.de\" \/>\n<meta property=\"article:published_time\" content=\"2024-05-03T06:00:27+00:00\" \/>\n<meta property=\"article:modified_time\" content=\"2024-05-03T08:25:44+00:00\" \/>\n<meta property=\"og:image\" content=\"https:\/\/video-marketing-by.schwarzer.de\/blog\/wp-content\/uploads\/2024\/05\/liebe-geht-durch-den-magen.jpg\" \/>\n\t<meta property=\"og:image:width\" content=\"1080\" \/>\n\t<meta property=\"og:image:height\" content=\"380\" \/>\n\t<meta property=\"og:image:type\" content=\"image\/jpeg\" \/>\n<meta name=\"twitter:card\" content=\"summary_large_image\" \/>\n<meta name=\"twitter:label1\" content=\"Verfasst von\" \/>\n\t<meta name=\"twitter:data1\" content=\"Hans-J\u00fcrgen Schwarzer\" \/>\n\t<meta name=\"twitter:label2\" content=\"Gesch\u00e4tzte Lesezeit\" \/>\n\t<meta name=\"twitter:data2\" content=\"1 Minute\" \/>\n<script type=\"application\/ld+json\" class=\"yoast-schema-graph\">{\"@context\":\"https:\/\/schema.org\",\"@graph\":[{\"@type\":\"WebSite\",\"@id\":\"https:\/\/video-marketing-by.schwarzer.de\/blog\/#website\",\"url\":\"https:\/\/video-marketing-by.schwarzer.de\/blog\/\",\"name\":\"video-marketing-by.schwarzer.de\",\"description\":\"\",\"potentialAction\":[{\"@type\":\"SearchAction\",\"target\":{\"@type\":\"EntryPoint\",\"urlTemplate\":\"https:\/\/video-marketing-by.schwarzer.de\/blog\/?s={search_term_string}\"},\"query-input\":\"required name=search_term_string\"}],\"inLanguage\":\"de-DE\"},{\"@type\":\"ImageObject\",\"@id\":\"https:\/\/video-marketing-by.schwarzer.de\/blog\/alsi-sued-feiert-die-eltern-in-seiner-juengsten-kampagne-liebe-geht-durch-den-magen-und-noch-viel-weiter\/#primaryimage\",\"inLanguage\":\"de-DE\",\"url\":\"https:\/\/video-marketing-by.schwarzer.de\/blog\/wp-content\/uploads\/2024\/05\/liebe-geht-durch-den-magen.jpg\",\"contentUrl\":\"https:\/\/video-marketing-by.schwarzer.de\/blog\/wp-content\/uploads\/2024\/05\/liebe-geht-durch-den-magen.jpg\",\"width\":1080,\"height\":380,\"caption\":\"ALDI S\u00dcD feiert die Eltern in seiner j\u00fcngsten Kampagne \\\"Liebe geht durch den Magen und noch viel weiter...\\\"\"},{\"@type\":\"WebPage\",\"@id\":\"https:\/\/video-marketing-by.schwarzer.de\/blog\/alsi-sued-feiert-die-eltern-in-seiner-juengsten-kampagne-liebe-geht-durch-den-magen-und-noch-viel-weiter\/#webpage\",\"url\":\"https:\/\/video-marketing-by.schwarzer.de\/blog\/alsi-sued-feiert-die-eltern-in-seiner-juengsten-kampagne-liebe-geht-durch-den-magen-und-noch-viel-weiter\/\",\"name\":\"ALDI S\u00dcD feiert die Eltern in seiner j\u00fcngsten Kampagne \\\"Liebe geht durch den Magen und noch viel weiter...\\\" - video-marketing-by.schwarzer.de\",\"isPartOf\":{\"@id\":\"https:\/\/video-marketing-by.schwarzer.de\/blog\/#website\"},\"primaryImageOfPage\":{\"@id\":\"https:\/\/video-marketing-by.schwarzer.de\/blog\/alsi-sued-feiert-die-eltern-in-seiner-juengsten-kampagne-liebe-geht-durch-den-magen-und-noch-viel-weiter\/#primaryimage\"},\"datePublished\":\"2024-05-03T06:00:27+00:00\",\"dateModified\":\"2024-05-03T08:25:44+00:00\",\"author\":{\"@id\":\"https:\/\/video-marketing-by.schwarzer.de\/blog\/#\/schema\/person\/fc6da8019257c03233a2c180d83bcc71\"},\"breadcrumb\":{\"@id\":\"https:\/\/video-marketing-by.schwarzer.de\/blog\/alsi-sued-feiert-die-eltern-in-seiner-juengsten-kampagne-liebe-geht-durch-den-magen-und-noch-viel-weiter\/#breadcrumb\"},\"inLanguage\":\"de-DE\",\"potentialAction\":[{\"@type\":\"ReadAction\",\"target\":[\"https:\/\/video-marketing-by.schwarzer.de\/blog\/alsi-sued-feiert-die-eltern-in-seiner-juengsten-kampagne-liebe-geht-durch-den-magen-und-noch-viel-weiter\/\"]}]},{\"@type\":\"BreadcrumbList\",\"@id\":\"https:\/\/video-marketing-by.schwarzer.de\/blog\/alsi-sued-feiert-die-eltern-in-seiner-juengsten-kampagne-liebe-geht-durch-den-magen-und-noch-viel-weiter\/#breadcrumb\",\"itemListElement\":[{\"@type\":\"ListItem\",\"position\":1,\"name\":\"Startseite\",\"item\":\"https:\/\/video-marketing-by.schwarzer.de\/blog\/\"},{\"@type\":\"ListItem\",\"position\":2,\"name\":\"ALDI S\u00dcD feiert die Eltern in seiner j\u00fcngsten Kampagne &#8220;Liebe geht durch den Magen und noch viel weiter&#8230;&#8221;\"}]},{\"@type\":\"Person\",\"@id\":\"https:\/\/video-marketing-by.schwarzer.de\/blog\/#\/schema\/person\/fc6da8019257c03233a2c180d83bcc71\",\"name\":\"Hans-J\u00fcrgen Schwarzer\",\"image\":{\"@type\":\"ImageObject\",\"@id\":\"https:\/\/video-marketing-by.schwarzer.de\/blog\/#personlogo\",\"inLanguage\":\"de-DE\",\"url\":\"https:\/\/secure.gravatar.com\/avatar\/2e9a54aaac87c32742c669aa0d5556c1?s=96&d=mm&r=g\",\"contentUrl\":\"https:\/\/secure.gravatar.com\/avatar\/2e9a54aaac87c32742c669aa0d5556c1?s=96&d=mm&r=g\",\"caption\":\"Hans-J\u00fcrgen Schwarzer\"},\"description\":\"Hans-J\u00fcrgen Schwarzer leitet die Digital-Agentur schwarzer.de software + internet gmbh. Als Unternehmer und Verleger in Personalunion wie auch als leidenschaftlicher Blogger geh\u00f6rt er zu den Hauptautoren verschiedener Online-Magazine. Innerhalb seiner breiten Palette an Themen liegen dem Mainzer Lokalpatrioten dabei vermeintlich \u201eschr\u00e4ge\u201c Ideen und technische Novit\u00e4ten besonders am Herzen - Nerdstuff, wie es heute hei\u00dft.\",\"sameAs\":[\"http:\/\/www.schwarzer.de\"],\"url\":\"#\"}]}<\/script>\n<!-- \/ Yoast SEO plugin. -->","yoast_head_json":{"title":"ALDI S\u00dcD feiert die Eltern in seiner j\u00fcngsten Kampagne \"Liebe geht durch den Magen und noch viel weiter...\" - video-marketing-by.schwarzer.de","robots":{"index":"index","follow":"follow","max-snippet":"max-snippet:-1","max-image-preview":"max-image-preview:large","max-video-preview":"max-video-preview:-1"},"canonical":"https:\/\/video-marketing-by.schwarzer.de\/blog\/alsi-sued-feiert-die-eltern-in-seiner-juengsten-kampagne-liebe-geht-durch-den-magen-und-noch-viel-weiter\/","og_locale":"de_DE","og_type":"article","og_title":"ALDI S\u00dcD feiert die Eltern in seiner j\u00fcngsten Kampagne \"Liebe geht durch den Magen und noch viel weiter...\" - video-marketing-by.schwarzer.de","og_description":"Die neue Social Media-Kampagne von Aldi S\u00fcd zum anstehenden Mutter- und Vatertag ist ausgesprochen gelungen. Diese Kampagne ist nicht nur [&hellip;]","og_url":"https:\/\/video-marketing-by.schwarzer.de\/blog\/alsi-sued-feiert-die-eltern-in-seiner-juengsten-kampagne-liebe-geht-durch-den-magen-und-noch-viel-weiter\/","og_site_name":"video-marketing-by.schwarzer.de","article_published_time":"2024-05-03T06:00:27+00:00","article_modified_time":"2024-05-03T08:25:44+00:00","og_image":[{"width":1080,"height":380,"url":"https:\/\/video-marketing-by.schwarzer.de\/blog\/wp-content\/uploads\/2024\/05\/liebe-geht-durch-den-magen.jpg","type":"image\/jpeg"}],"twitter_card":"summary_large_image","twitter_misc":{"Verfasst von":"Hans-J\u00fcrgen Schwarzer","Gesch\u00e4tzte Lesezeit":"1 Minute"},"schema":{"@context":"https:\/\/schema.org","@graph":[{"@type":"WebSite","@id":"https:\/\/video-marketing-by.schwarzer.de\/blog\/#website","url":"https:\/\/video-marketing-by.schwarzer.de\/blog\/","name":"video-marketing-by.schwarzer.de","description":"","potentialAction":[{"@type":"SearchAction","target":{"@type":"EntryPoint","urlTemplate":"https:\/\/video-marketing-by.schwarzer.de\/blog\/?s={search_term_string}"},"query-input":"required name=search_term_string"}],"inLanguage":"de-DE"},{"@type":"ImageObject","@id":"https:\/\/video-marketing-by.schwarzer.de\/blog\/alsi-sued-feiert-die-eltern-in-seiner-juengsten-kampagne-liebe-geht-durch-den-magen-und-noch-viel-weiter\/#primaryimage","inLanguage":"de-DE","url":"https:\/\/video-marketing-by.schwarzer.de\/blog\/wp-content\/uploads\/2024\/05\/liebe-geht-durch-den-magen.jpg","contentUrl":"https:\/\/video-marketing-by.schwarzer.de\/blog\/wp-content\/uploads\/2024\/05\/liebe-geht-durch-den-magen.jpg","width":1080,"height":380,"caption":"ALDI S\u00dcD feiert die Eltern in seiner j\u00fcngsten Kampagne \"Liebe geht durch den Magen und noch viel weiter...\""},{"@type":"WebPage","@id":"https:\/\/video-marketing-by.schwarzer.de\/blog\/alsi-sued-feiert-die-eltern-in-seiner-juengsten-kampagne-liebe-geht-durch-den-magen-und-noch-viel-weiter\/#webpage","url":"https:\/\/video-marketing-by.schwarzer.de\/blog\/alsi-sued-feiert-die-eltern-in-seiner-juengsten-kampagne-liebe-geht-durch-den-magen-und-noch-viel-weiter\/","name":"ALDI S\u00dcD feiert die Eltern in seiner j\u00fcngsten Kampagne \"Liebe geht durch den Magen und noch viel weiter...\" - video-marketing-by.schwarzer.de","isPartOf":{"@id":"https:\/\/video-marketing-by.schwarzer.de\/blog\/#website"},"primaryImageOfPage":{"@id":"https:\/\/video-marketing-by.schwarzer.de\/blog\/alsi-sued-feiert-die-eltern-in-seiner-juengsten-kampagne-liebe-geht-durch-den-magen-und-noch-viel-weiter\/#primaryimage"},"datePublished":"2024-05-03T06:00:27+00:00","dateModified":"2024-05-03T08:25:44+00:00","author":{"@id":"https:\/\/video-marketing-by.schwarzer.de\/blog\/#\/schema\/person\/fc6da8019257c03233a2c180d83bcc71"},"breadcrumb":{"@id":"https:\/\/video-marketing-by.schwarzer.de\/blog\/alsi-sued-feiert-die-eltern-in-seiner-juengsten-kampagne-liebe-geht-durch-den-magen-und-noch-viel-weiter\/#breadcrumb"},"inLanguage":"de-DE","potentialAction":[{"@type":"ReadAction","target":["https:\/\/video-marketing-by.schwarzer.de\/blog\/alsi-sued-feiert-die-eltern-in-seiner-juengsten-kampagne-liebe-geht-durch-den-magen-und-noch-viel-weiter\/"]}]},{"@type":"BreadcrumbList","@id":"https:\/\/video-marketing-by.schwarzer.de\/blog\/alsi-sued-feiert-die-eltern-in-seiner-juengsten-kampagne-liebe-geht-durch-den-magen-und-noch-viel-weiter\/#breadcrumb","itemListElement":[{"@type":"ListItem","position":1,"name":"Startseite","item":"https:\/\/video-marketing-by.schwarzer.de\/blog\/"},{"@type":"ListItem","position":2,"name":"ALDI S\u00dcD feiert die Eltern in seiner j\u00fcngsten Kampagne &#8220;Liebe geht durch den Magen und noch viel weiter&#8230;&#8221;"}]},{"@type":"Person","@id":"https:\/\/video-marketing-by.schwarzer.de\/blog\/#\/schema\/person\/fc6da8019257c03233a2c180d83bcc71","name":"Hans-J\u00fcrgen Schwarzer","image":{"@type":"ImageObject","@id":"https:\/\/video-marketing-by.schwarzer.de\/blog\/#personlogo","inLanguage":"de-DE","url":"https:\/\/secure.gravatar.com\/avatar\/2e9a54aaac87c32742c669aa0d5556c1?s=96&d=mm&r=g","contentUrl":"https:\/\/secure.gravatar.com\/avatar\/2e9a54aaac87c32742c669aa0d5556c1?s=96&d=mm&r=g","caption":"Hans-J\u00fcrgen Schwarzer"},"description":"Hans-J\u00fcrgen Schwarzer leitet die Digital-Agentur schwarzer.de software + internet gmbh. Als Unternehmer und Verleger in Personalunion wie auch als leidenschaftlicher Blogger geh\u00f6rt er zu den Hauptautoren verschiedener Online-Magazine. Innerhalb seiner breiten Palette an Themen liegen dem Mainzer Lokalpatrioten dabei vermeintlich \u201eschr\u00e4ge\u201c Ideen und technische Novit\u00e4ten besonders am Herzen - Nerdstuff, wie es heute hei\u00dft.","sameAs":["http:\/\/www.schwarzer.de"],"url":"#"}]}},"_links":{"self":[{"href":"https:\/\/video-marketing-by.schwarzer.de\/blog\/wp-json\/wp\/v2\/posts\/1439"}],"collection":[{"href":"https:\/\/video-marketing-by.schwarzer.de\/blog\/wp-json\/wp\/v2\/posts"}],"about":[{"href":"https:\/\/video-marketing-by.schwarzer.de\/blog\/wp-json\/wp\/v2\/types\/post"}],"author":[{"embeddable":true,"href":"https:\/\/video-marketing-by.schwarzer.de\/blog\/wp-json\/wp\/v2\/users\/2"}],"replies":[{"embeddable":true,"href":"https:\/\/video-marketing-by.schwarzer.de\/blog\/wp-json\/wp\/v2\/comments?post=1439"}],"version-history":[{"count":3,"href":"https:\/\/video-marketing-by.schwarzer.de\/blog\/wp-json\/wp\/v2\/posts\/1439\/revisions"}],"predecessor-version":[{"id":1442,"href":"https:\/\/video-marketing-by.schwarzer.de\/blog\/wp-json\/wp\/v2\/posts\/1439\/revisions\/1442"}],"wp:featuredmedia":[{"embeddable":true,"href":"https:\/\/video-marketing-by.schwarzer.de\/blog\/wp-json\/wp\/v2\/media\/1438"}],"wp:attachment":[{"href":"https:\/\/video-marketing-by.schwarzer.de\/blog\/wp-json\/wp\/v2\/media?parent=1439"}],"wp:term":[{"taxonomy":"category","embeddable":true,"href":"https:\/\/video-marketing-by.schwarzer.de\/blog\/wp-json\/wp\/v2\/categories?post=1439"},{"taxonomy":"post_tag","embeddable":true,"href":"https:\/\/video-marketing-by.schwarzer.de\/blog\/wp-json\/wp\/v2\/tags?post=1439"}],"curies":[{"name":"wp","href":"https:\/\/api.w.org\/{rel}","templated":true}]}}